{"id":455,"date":"2015-02-01T17:09:41","date_gmt":"2015-02-01T15:09:41","guid":{"rendered":"http:\/\/ninakrea.de\/blog\/?p=455"},"modified":"2026-03-29T13:51:10","modified_gmt":"2026-03-29T11:51:10","slug":"im-neuen-jahr-wird-alles-anders","status":"publish","type":"post","link":"https:\/\/www.ninakrea.de\/blog\/im-neuen-jahr-wird-alles-anders\/","title":{"rendered":"Im neuen Jahr wird alles anders"},"content":{"rendered":"<p>Das sind immer diese S\u00e4tze, die man sich zum Jahresende sagt und dann irgendwie doch nur die H\u00e4lfte von dem umsetzt, was man sich eigentlich vorgenommen hatte.<\/p>\n<p><!--more--><\/p>\n<p>Im November 2014 habe ich meinen letzten Blogbeitrag verfasst. Ziemlich lange her, wie ich finde. Manchmal steht man sich aber auch selbst im Weg. Als ich mir zusammen mit meinem Schatz\u00a0im letzten Jahr \u00fcberlegt habe, meinen eigenen Blog einzurichten, hatte ich viele Ideen und Projekte im Kopf, \u00fcber die ich gerne schreiben wollte und doch habe ich nur einige wenige davon umgesetzt bzw. als Beitrag verfasst. Ich habe mich wohl selbst zu sehr unter Druck gesetzt. Einige von Euch werden das wahrscheinlich kennen. Da stellt man sich Fragen wie:<\/p>\n<p>Interessieren sich die Menschen da drau\u00dfen f\u00fcr noch einen Blog und f\u00fcr meine Themen und Beitr\u00e4ge?<\/p>\n<p>Sind die Formulierungen richtig?<\/p>\n<p>Sind die Blogfotos gut genug?<\/p>\n<p>&#8230;und so weiter&#8230;<\/p>\n<p>Ich war hinterher so verunsichert, dass ich einfach nichts mehr geschrieben habe. Meinem Schatz gegen\u00fcber (und eigentlich auch f\u00fcr mir selbst) habe ich immer wieder neue Ausreden gefunden. &#8222;Ich hab jetzt keine Zeit!&#8220; oder &#8222;Ich wei\u00df nicht was ich schreiben soll!&#8220; oder &#8222;Die Fotos sehen nicht sch\u00f6n aus!&#8220;<\/p>\n<p>Eigentlich ist das alles Quatsch. Ich glaube, ich habe unter den falschen Voraussetzungen mit dem Blogschreiben angefangen. Dieser Blog ist f\u00fcr mich, also so eine Art Tagebuch, f\u00fcr meine Freunde und nat\u00fcrlich f\u00fcr meine Familie gedacht. Nat\u00fcrlich freue ich mich, wenn ich auch noch mehr Menschen erreiche, die ihre Erfahrungen, Anregungen und Geschichten mit mir teilen m\u00f6chten. Ihr seid alle herzlich Willkommen! Und damit Ihr auch wisst, mit wem Ihr es hier \u00fcberhaupt zu tun habt, habe ich als ersten Schritt mein <a title=\"\u00dcber Mich\" href=\"https:\/\/www.ninakrea.de\/blog\/ueber-mich\/\">Profil<\/a> erg\u00e4nzt bzw. vervollst\u00e4ndigt.<\/p>\n<p>Mein n\u00e4chstes geplantes N\u00e4hprojekt ist mir ein bisschen peinlich. Ich bin seit mehr als 10 Jahren ein bekennender Fan von Tone Finnanger und ihren Tilda Produkten. Kaum zu glauben, aber ich habe bislang noch keine einzige Tilda gen\u00e4ht. Bislang sind\u00a0lediglich eine niedliche Hasendame namens Matilda sowie T\u00e4schchen, Herzen und Sterne entstanden. Das muss dringend ge\u00e4ndert werden.<\/p>\n<p><a href=\"https:\/\/www.ninakrea.de\/blog\/wp-content\/uploads\/2015\/02\/tilda-hase-matilda.jpg\"><img loading=\"lazy\" decoding=\"async\" class=\"aligncenter size-large wp-image-463\" src=\"https:\/\/www.ninakrea.de\/blog\/wp-content\/uploads\/2015\/02\/tilda-hase-matilda-1024x977.jpg\" alt=\"Tilda Hase Matilda\" width=\"628\" height=\"599\" srcset=\"https:\/\/www.ninakrea.de\/blog\/wp-content\/uploads\/2015\/02\/tilda-hase-matilda-1024x977.jpg 1024w, https:\/\/www.ninakrea.de\/blog\/wp-content\/uploads\/2015\/02\/tilda-hase-matilda-300x286.jpg 300w, https:\/\/www.ninakrea.de\/blog\/wp-content\/uploads\/2015\/02\/tilda-hase-matilda-150x143.jpg 150w, https:\/\/www.ninakrea.de\/blog\/wp-content\/uploads\/2015\/02\/tilda-hase-matilda.jpg 1335w\" sizes=\"auto, (max-width: 628px) 100vw, 628px\" \/><\/a><\/p>\n<p>Ich verkrieche mich jetzt in mein kleines N\u00e4hzimmer im Keller. Hier seht Ihr zumindest schon mal einen kleinen Einblick.<\/p>\n<p><a href=\"https:\/\/www.ninakrea.de\/blog\/wp-content\/uploads\/2015\/02\/tilda-hase-matilda-2.jpg\"><img loading=\"lazy\" decoding=\"async\" class=\"aligncenter size-large wp-image-465\" src=\"https:\/\/www.ninakrea.de\/blog\/wp-content\/uploads\/2015\/02\/tilda-hase-matilda-2-1024x617.jpg\" alt=\"Tilda Hase Matilda 2\" width=\"628\" height=\"378\" srcset=\"https:\/\/www.ninakrea.de\/blog\/wp-content\/uploads\/2015\/02\/tilda-hase-matilda-2-1024x617.jpg 1024w, https:\/\/www.ninakrea.de\/blog\/wp-content\/uploads\/2015\/02\/tilda-hase-matilda-2-300x181.jpg 300w, https:\/\/www.ninakrea.de\/blog\/wp-content\/uploads\/2015\/02\/tilda-hase-matilda-2-150x90.jpg 150w, https:\/\/www.ninakrea.de\/blog\/wp-content\/uploads\/2015\/02\/tilda-hase-matilda-2.jpg 1936w\" sizes=\"auto, (max-width: 628px) 100vw, 628px\" \/><\/a><\/p>\n<p>Jetzt schaue ich mir erst mal meine Tilda B\u00fccher an und suche mir eine Tilda aus, die ich als Gesellschaft f\u00fcr mich und meine Matilda n\u00e4he m\u00f6chte.<\/p>\n<p><a href=\"https:\/\/www.ninakrea.de\/blog\/wp-content\/uploads\/2015\/02\/tilda-b\u00fccher.jpg\"><img loading=\"lazy\" decoding=\"async\" class=\"aligncenter size-large wp-image-467\" src=\"https:\/\/www.ninakrea.de\/blog\/wp-content\/uploads\/2015\/02\/tilda-b\u00fccher-1024x646.jpg\" alt=\"Tilda B\u00fccher\" width=\"628\" height=\"396\" srcset=\"https:\/\/www.ninakrea.de\/blog\/wp-content\/uploads\/2015\/02\/tilda-b\u00fccher-1024x646.jpg 1024w, https:\/\/www.ninakrea.de\/blog\/wp-content\/uploads\/2015\/02\/tilda-b\u00fccher-300x189.jpg 300w, https:\/\/www.ninakrea.de\/blog\/wp-content\/uploads\/2015\/02\/tilda-b\u00fccher-150x95.jpg 150w, https:\/\/www.ninakrea.de\/blog\/wp-content\/uploads\/2015\/02\/tilda-b\u00fccher.jpg 1936w\" sizes=\"auto, (max-width: 628px) 100vw, 628px\" \/><\/a><\/p>\n<p>Ich werde Euch in den n\u00e4chsten Tagen berichten, f\u00fcr welche Tilda ich mich entschieden habe und Euch das Ergebnis zeigen.<\/p>\n<p>Liebe Gr\u00fc\u00dfe<\/p>\n<p>Nina<\/p>\n","protected":false},"excerpt":{"rendered":"<p>Das sind immer diese S\u00e4tze, die man sich zum Jahresende sagt und dann irgendwie doch nur die H\u00e4lfte von dem umsetzt, was man sich eigentlich vorgenommen hatte.<\/p>\n","protected":false},"author":2,"featured_media":465,"comment_status":"open","ping_status":"closed","sticky":false,"template":"","format":"standard","meta":{"_yoast_wpseo_focuskw":"Tilda","_yoast_wpseo_title":"","_yoast_wpseo_metadesc":"Im neuen Jahr wird alles anders. Das sind immer diese S\u00e4tze, die man sich zum Jahresende sagt und dann irgendwie doch nur die H\u00e4lfte von dem umsetzt, was man sich eigentlich vorgenommen hatte.","_nora_schema_article":"","_nora_schema_faq":"","_nora_schema_howto":"","footnotes":""},"categories":[1,93],"tags":[121,33,67,120],"class_list":["post-455","post","type-post","status-publish","format-standard","has-post-thumbnail","hentry","category-allgemein","category-handmade","tag-naehzimmer","tag-tilda","tag-tilda-buch","tag-tilda-hase"],"yoast_head":"<!-- This site is optimized with the Yoast SEO plugin v27.2 - https:\/\/yoast.com\/product\/yoast-seo-wordpress\/ -->\n<title>Im neuen Jahr wird alles anders - ninaKrea Blog<\/title>\n<meta name=\"description\" content=\"Im neuen Jahr wird alles anders. Das sind immer diese S\u00e4tze, die man sich zum Jahresende sagt und dann irgendwie doch nur die H\u00e4lfte von dem umsetzt, was man sich eigentlich vorgenommen hatte.\" \/>\n<meta name=\"robots\" content=\"index, follow, max-snippet:-1, max-image-preview:large, max-video-preview:-1\" \/>\n<link rel=\"canonical\" href=\"https:\/\/www.ninakrea.de\/blog\/im-neuen-jahr-wird-alles-anders\/\" \/>\n<meta name=\"twitter:label1\" content=\"Verfasst von\" \/>\n\t<meta name=\"twitter:data1\" content=\"Nina Helbert\" \/>\n\t<meta name=\"twitter:label2\" content=\"Gesch\u00e4tzte Lesezeit\" \/>\n\t<meta name=\"twitter:data2\" content=\"2\u00a0Minuten\" \/>\n<!-- \/ Yoast SEO plugin. -->","yoast_head_json":{"title":"Im neuen Jahr wird alles anders - ninaKrea Blog","description":"Im neuen Jahr wird alles anders. Das sind immer diese S\u00e4tze, die man sich zum Jahresende sagt und dann irgendwie doch nur die H\u00e4lfte von dem umsetzt, was man sich eigentlich vorgenommen hatte.","robots":{"index":"index","follow":"follow","max-snippet":"max-snippet:-1","max-image-preview":"max-image-preview:large","max-video-preview":"max-video-preview:-1"},"canonical":"https:\/\/www.ninakrea.de\/blog\/im-neuen-jahr-wird-alles-anders\/","twitter_misc":{"Verfasst von":"Nina Helbert","Gesch\u00e4tzte Lesezeit":"2\u00a0Minuten"},"schema":{"@context":"https:\/\/schema.org","@graph":[{"@type":"Article","@id":"https:\/\/www.ninakrea.de\/blog\/im-neuen-jahr-wird-alles-anders\/#article","isPartOf":{"@id":"https:\/\/www.ninakrea.de\/blog\/im-neuen-jahr-wird-alles-anders\/"},"author":{"name":"Nina Helbert","@id":"https:\/\/www.ninakrea.de\/blog\/#\/schema\/person\/478046397f1cdb0316fdd03cf91c6bff"},"headline":"Im neuen Jahr wird alles anders","datePublished":"2015-02-01T15:09:41+00:00","dateModified":"2026-03-29T11:51:10+00:00","mainEntityOfPage":{"@id":"https:\/\/www.ninakrea.de\/blog\/im-neuen-jahr-wird-alles-anders\/"},"wordCount":439,"commentCount":0,"image":{"@id":"https:\/\/www.ninakrea.de\/blog\/im-neuen-jahr-wird-alles-anders\/#primaryimage"},"thumbnailUrl":"https:\/\/www.ninakrea.de\/blog\/wp-content\/uploads\/2015\/02\/tilda-hase-matilda-2.jpg","keywords":["N\u00e4hzimmer","Tilda","Tilda Buch","Tilda Hase"],"articleSection":{"1":"Handmade"},"inLanguage":"de","potentialAction":[{"@type":"CommentAction","name":"Comment","target":["https:\/\/www.ninakrea.de\/blog\/im-neuen-jahr-wird-alles-anders\/#respond"]}]},{"@type":"WebPage","@id":"https:\/\/www.ninakrea.de\/blog\/im-neuen-jahr-wird-alles-anders\/","url":"https:\/\/www.ninakrea.de\/blog\/im-neuen-jahr-wird-alles-anders\/","name":"Im neuen Jahr wird alles anders - ninaKrea Blog","isPartOf":{"@id":"https:\/\/www.ninakrea.de\/blog\/#website"},"primaryImageOfPage":{"@id":"https:\/\/www.ninakrea.de\/blog\/im-neuen-jahr-wird-alles-anders\/#primaryimage"},"image":{"@id":"https:\/\/www.ninakrea.de\/blog\/im-neuen-jahr-wird-alles-anders\/#primaryimage"},"thumbnailUrl":"https:\/\/www.ninakrea.de\/blog\/wp-content\/uploads\/2015\/02\/tilda-hase-matilda-2.jpg","datePublished":"2015-02-01T15:09:41+00:00","dateModified":"2026-03-29T11:51:10+00:00","author":{"@id":"https:\/\/www.ninakrea.de\/blog\/#\/schema\/person\/478046397f1cdb0316fdd03cf91c6bff"},"description":"Im neuen Jahr wird alles anders. Das sind immer diese S\u00e4tze, die man sich zum Jahresende sagt und dann irgendwie doch nur die H\u00e4lfte von dem umsetzt, was man sich eigentlich vorgenommen hatte.","breadcrumb":{"@id":"https:\/\/www.ninakrea.de\/blog\/im-neuen-jahr-wird-alles-anders\/#breadcrumb"},"inLanguage":"de","potentialAction":[{"@type":"ReadAction","target":["https:\/\/www.ninakrea.de\/blog\/im-neuen-jahr-wird-alles-anders\/"]}]},{"@type":"ImageObject","inLanguage":"de","@id":"https:\/\/www.ninakrea.de\/blog\/im-neuen-jahr-wird-alles-anders\/#primaryimage","url":"https:\/\/www.ninakrea.de\/blog\/wp-content\/uploads\/2015\/02\/tilda-hase-matilda-2.jpg","contentUrl":"https:\/\/www.ninakrea.de\/blog\/wp-content\/uploads\/2015\/02\/tilda-hase-matilda-2.jpg","width":1936,"height":1166,"caption":"Tilda Hase Matilda 2"},{"@type":"BreadcrumbList","@id":"https:\/\/www.ninakrea.de\/blog\/im-neuen-jahr-wird-alles-anders\/#breadcrumb","itemListElement":[{"@type":"ListItem","position":1,"name":"Home","item":"https:\/\/www.ninakrea.de\/blog\/"},{"@type":"ListItem","position":2,"name":"Im neuen Jahr wird alles anders"}]},{"@type":"WebSite","@id":"https:\/\/www.ninakrea.de\/blog\/#website","url":"https:\/\/www.ninakrea.de\/blog\/","name":"ninaKrea Blog","description":"Der kreative Blog","potentialAction":[{"@type":"SearchAction","target":{"@type":"EntryPoint","urlTemplate":"https:\/\/www.ninakrea.de\/blog\/?s={search_term_string}"},"query-input":{"@type":"PropertyValueSpecification","valueRequired":true,"valueName":"search_term_string"}}],"inLanguage":"de"},{"@type":"Person","@id":"https:\/\/www.ninakrea.de\/blog\/#\/schema\/person\/478046397f1cdb0316fdd03cf91c6bff","name":"Nina Helbert","image":{"@type":"ImageObject","inLanguage":"de","@id":"https:\/\/secure.gravatar.com\/avatar\/eba9d3df9232592b6e81c204bcface3315f0db0c227e90ff0d16c0eb33105617?s=96&d=mm&r=g","url":"https:\/\/secure.gravatar.com\/avatar\/eba9d3df9232592b6e81c204bcface3315f0db0c227e90ff0d16c0eb33105617?s=96&d=mm&r=g","contentUrl":"https:\/\/secure.gravatar.com\/avatar\/eba9d3df9232592b6e81c204bcface3315f0db0c227e90ff0d16c0eb33105617?s=96&d=mm&r=g","caption":"Nina Helbert"},"sameAs":["http:\/\/www.ninakrea.de","https:\/\/www.facebook.com\/ninaKrea"],"url":"https:\/\/www.ninakrea.de\/blog\/author\/ninakrea\/"}]}},"_links":{"self":[{"href":"https:\/\/www.ninakrea.de\/blog\/wp-json\/wp\/v2\/posts\/455","targetHints":{"allow":["GET"]}}],"collection":[{"href":"https:\/\/www.ninakrea.de\/blog\/wp-json\/wp\/v2\/posts"}],"about":[{"href":"https:\/\/www.ninakrea.de\/blog\/wp-json\/wp\/v2\/types\/post"}],"author":[{"embeddable":true,"href":"https:\/\/www.ninakrea.de\/blog\/wp-json\/wp\/v2\/users\/2"}],"replies":[{"embeddable":true,"href":"https:\/\/www.ninakrea.de\/blog\/wp-json\/wp\/v2\/comments?post=455"}],"version-history":[{"count":13,"href":"https:\/\/www.ninakrea.de\/blog\/wp-json\/wp\/v2\/posts\/455\/revisions"}],"predecessor-version":[{"id":1744,"href":"https:\/\/www.ninakrea.de\/blog\/wp-json\/wp\/v2\/posts\/455\/revisions\/1744"}],"wp:featuredmedia":[{"embeddable":true,"href":"https:\/\/www.ninakrea.de\/blog\/wp-json\/wp\/v2\/media\/465"}],"wp:attachment":[{"href":"https:\/\/www.ninakrea.de\/blog\/wp-json\/wp\/v2\/media?parent=455"}],"wp:term":[{"taxonomy":"category","embeddable":true,"href":"https:\/\/www.ninakrea.de\/blog\/wp-json\/wp\/v2\/categories?post=455"},{"taxonomy":"post_tag","embeddable":true,"href":"https:\/\/www.ninakrea.de\/blog\/wp-json\/wp\/v2\/tags?post=455"}],"curies":[{"name":"wp","href":"https:\/\/api.w.org\/{rel}","templated":true}]}}